{"id":806,"date":"2021-07-15T09:00:01","date_gmt":"2021-07-15T07:00:01","guid":{"rendered":"https:\/\/piernikarka.pl\/?p=806"},"modified":"2021-08-15T12:08:17","modified_gmt":"2021-08-15T10:08:17","slug":"edd","status":"publish","type":"post","link":"https:\/\/piernikarka.pl\/index.php\/2021\/07\/15\/edd\/","title":{"rendered":"\u201ePierniki w kujawsko-pomorskim&#8230;&#8221;. Spotkanie EDD"},"content":{"rendered":"<div>\n<div class=\"sec css\">\n<div class=\"e-cont css\">\n<p><strong>Zapraszamy wraz z Muzeum Toru\u0144skiego Piernika\u00a0 na spotkanie po\u015bwi\u0119cone tradycjom piernikarskim w wojew\u00f3dztwie kujawsko-pomorskim. W trakcie prelekcji po\u0142\u0105czonej z pokazem nie zabraknie historycznych anegdot, ciekawostek, archiwali\u00f3w, zabytk\u00f3w oraz przepis\u00f3w zwi\u0105zanych z wypiekiem piernik\u00f3w w naszym regionie.\u00a0 <\/strong><strong>Spotkanie odbywa\u0107 si\u0119 b\u0119dzie w ramach <a href=\"https:\/\/edd.nid.pl\/wydarzenia\/pierniki-w-kujawsko-pomorskim-regionalny-szlak-piernikarski\/\">Europejskich Dni Dziedzictwa<\/a>, kt\u00f3rych motywem przewodnim jest has\u0142o &#8222;Smaki dziedzictwa&#8221;.<\/strong><\/p>\n<figure id=\"attachment_813\" aria-describedby=\"caption-attachment-813\" style=\"width: 869px\" class=\"wp-caption alignnone\"><img loading=\"lazy\" decoding=\"async\" id=\"longdesc-return-813\" class=\"size-full wp-image-813\" tabindex=\"-1\" src=\"https:\/\/piernikarka.pl\/wp-content\/uploads\/2021\/08\/Spotkanie-edd.jpg\" alt=\"Obrazek z informacj\u0105 o wydarzeniu ze strony EDD\" width=\"869\" height=\"607\" longdesc=\"https:\/\/piernikarka.pl?longdesc=813&amp;referrer=806\" srcset=\"https:\/\/piernikarka.pl\/wp-content\/uploads\/2021\/08\/Spotkanie-edd.jpg 869w, https:\/\/piernikarka.pl\/wp-content\/uploads\/2021\/08\/Spotkanie-edd-300x210.jpg 300w, https:\/\/piernikarka.pl\/wp-content\/uploads\/2021\/08\/Spotkanie-edd-768x536.jpg 768w, https:\/\/piernikarka.pl\/wp-content\/uploads\/2021\/08\/Spotkanie-edd-269x188.jpg 269w, https:\/\/piernikarka.pl\/wp-content\/uploads\/2021\/08\/Spotkanie-edd-24x17.jpg 24w, https:\/\/piernikarka.pl\/wp-content\/uploads\/2021\/08\/Spotkanie-edd-36x25.jpg 36w, https:\/\/piernikarka.pl\/wp-content\/uploads\/2021\/08\/Spotkanie-edd-48x34.jpg 48w\" sizes=\"auto, (max-width: 869px) 100vw, 869px\" \/><figcaption id=\"caption-attachment-813\" class=\"wp-caption-text\">Wydarzenie ze strony Europejskich Dni Dziedzictwa<\/figcaption><\/figure>\n<\/div>\n<\/div>\n<\/div>\n<div class=\"kvgmc6g5 cxmmr5t8 oygrvhab hcukyx3x c1et5uql\">Tradycja wypieku piernik\u00f3w w woj. kujawsko-pomorskim si\u0119ga XIV wieku. Niew\u0105tpliwie piernikarsk\u0105 stolic\u0105 regionu i Polski jest Toru\u0144. Czy jednak w innych miejscowo\u015bciach znajdujemy materialne i niematerialne \u015blady zwi\u0105zane wypiekiem korzennych specja\u0142\u00f3w? Czy mo\u017cliwe jest utworzenie regionalnego szlaku piernikarskiego? Jakie zabytki, archiwalia, zwyczaje i przepisy zwi\u0105zane z piernikami znajdujemy w zbiorach muzealnych i prywatnych? Prelekcji b\u0119dzie towarzyszy\u0142 pokaz. Spotkanie poprowadzi Anna Kornelia J\u0119drzejewska \u2013 <strong>stypendystka Marsza\u0142ka Wojew\u00f3dztwa Kujawsko-Pomorskiego<\/strong> realizuj\u0105ca zadanie pt.: \u201ePierniki w kujawsko-pomorskim. Regionalny szlak kulturowy zabytk\u00f3w oraz dawnych i wsp\u00f3\u0142czesnych zwyczaj\u00f3w zwi\u0105zanych z piernikarstwem\u201d.<\/div>\n<div><\/div>\n<div class=\"o9v6fnle cxmmr5t8 oygrvhab hcukyx3x c1et5uql\"><strong>Wydarzenie odb\u0119dzie si\u0119 w sobot\u0119 18 wrze\u015bnia 2021r. o godz. 12.00<\/strong><\/div>\n<div>\n<div class=\"sec css\">\n<div class=\"e-cont css\">\n<p>Muzeum Toru\u0144skiego Piernika &#8211; oddzia\u0142 Muzeum Okr\u0119gowego w Toruniu<br \/>\nKlubokawiarnia I p.<br \/>\nul. Strumykowa 4<br \/>\n87-100 Toru\u0144<\/p>\n<p>Wst\u0119p bezp\u0142atny<\/p>\n<p>&nbsp;<\/p>\n<\/div>\n<\/div>\n<\/div>\n<div class=\"o9v6fnle cxmmr5t8 oygrvhab hcukyx3x c1et5uql\">Zapisy na bezp\u0142atne spotkanie przyjmowane s\u0105 drog\u0105 mailow\u0105: dhtp@muzeum.torun.pl<\/div>\n<div class=\"o9v6fnle cxmmr5t8 oygrvhab hcukyx3x c1et5uql\">Ilo\u015b\u0107 miejsc 25.<\/div>\n<div class=\"o9v6fnle cxmmr5t8 oygrvhab hcukyx3x c1et5uql\">Spotkanie odb\u0119dzie si\u0119 w ramach tegorocznej edycji Europejskich Dni Dziedzictwa &#8211; &#8222;Smaki Dziedzictwa&#8221;<\/div>\n<div>https:\/\/edd.nid.pl\/wydarzenia\/pierniki-w-kujawsko-pomorskim-regionalny-szlak-piernikarski\/<\/div>\n<div><\/div>\n<div><figure id=\"attachment_809\" aria-describedby=\"caption-attachment-809\" style=\"width: 501px\" class=\"wp-caption alignnone\"><img loading=\"lazy\" decoding=\"async\" id=\"longdesc-return-809\" class=\" wp-image-809\" tabindex=\"-1\" src=\"https:\/\/piernikarka.pl\/wp-content\/uploads\/2021\/08\/spotkanie.jpg\" alt=\"Zdj\u0119cie wydarzenia na FB utworzonego na stronie Muzeum Okr\u0119gowego w Toruniu\" width=\"501\" height=\"287\" longdesc=\"https:\/\/piernikarka.pl?longdesc=809&amp;referrer=806\" srcset=\"https:\/\/piernikarka.pl\/wp-content\/uploads\/2021\/08\/spotkanie.jpg 818w, https:\/\/piernikarka.pl\/wp-content\/uploads\/2021\/08\/spotkanie-300x172.jpg 300w, https:\/\/piernikarka.pl\/wp-content\/uploads\/2021\/08\/spotkanie-768x440.jpg 768w, https:\/\/piernikarka.pl\/wp-content\/uploads\/2021\/08\/spotkanie-269x154.jpg 269w, https:\/\/piernikarka.pl\/wp-content\/uploads\/2021\/08\/spotkanie-24x14.jpg 24w, https:\/\/piernikarka.pl\/wp-content\/uploads\/2021\/08\/spotkanie-36x21.jpg 36w, https:\/\/piernikarka.pl\/wp-content\/uploads\/2021\/08\/spotkanie-48x28.jpg 48w\" sizes=\"auto, (max-width: 501px) 100vw, 501px\" \/><figcaption id=\"caption-attachment-809\" class=\"wp-caption-text\">Zdj\u0119cie <a href=\"https:\/\/www.facebook.com\/events\/2768463760131008?acontext=%7B%22event_action_history%22%3A[%7B%22surface%22%3A%22page%22%7D]%7D\">wydarzenia na FB<\/a> utworzonego na stronie Muzeum Okr\u0119gowego w Toruniu<\/figcaption><\/figure><\/div>\n<p>&nbsp;<\/p>\n<p><img loading=\"lazy\" decoding=\"async\" id=\"longdesc-return-620\" class=\"alignnone wp-image-620\" tabindex=\"-1\" src=\"https:\/\/piernikarka.pl\/wp-content\/uploads\/2021\/02\/147351657_359035615130585_863975309328089277_n.jpg\" alt=\"herb wojew\u00f3dztwa kujawsko-pomorskiego\" width=\"118\" height=\"118\" longdesc=\"https:\/\/piernikarka.pl?longdesc=620&amp;referrer=806\" srcset=\"https:\/\/piernikarka.pl\/wp-content\/uploads\/2021\/02\/147351657_359035615130585_863975309328089277_n.jpg 706w, https:\/\/piernikarka.pl\/wp-content\/uploads\/2021\/02\/147351657_359035615130585_863975309328089277_n-300x300.jpg 300w, https:\/\/piernikarka.pl\/wp-content\/uploads\/2021\/02\/147351657_359035615130585_863975309328089277_n-150x150.jpg 150w, https:\/\/piernikarka.pl\/wp-content\/uploads\/2021\/02\/147351657_359035615130585_863975309328089277_n-380x380.jpg 380w, https:\/\/piernikarka.pl\/wp-content\/uploads\/2021\/02\/147351657_359035615130585_863975309328089277_n-24x24.jpg 24w, https:\/\/piernikarka.pl\/wp-content\/uploads\/2021\/02\/147351657_359035615130585_863975309328089277_n-36x36.jpg 36w, https:\/\/piernikarka.pl\/wp-content\/uploads\/2021\/02\/147351657_359035615130585_863975309328089277_n-48x48.jpg 48w\" sizes=\"auto, (max-width: 118px) 100vw, 118px\" \/><img loading=\"lazy\" decoding=\"async\" id=\"longdesc-return-621\" class=\"alignnone wp-image-621\" tabindex=\"-1\" src=\"https:\/\/piernikarka.pl\/wp-content\/uploads\/2021\/02\/147540887_359035501797263_6950839071484028064_n.jpg\" alt=\"kujawy i pomorze logotyp\" width=\"122\" height=\"122\" longdesc=\"https:\/\/piernikarka.pl?longdesc=621&amp;referrer=806\" srcset=\"https:\/\/piernikarka.pl\/wp-content\/uploads\/2021\/02\/147540887_359035501797263_6950839071484028064_n.jpg 960w, https:\/\/piernikarka.pl\/wp-content\/uploads\/2021\/02\/147540887_359035501797263_6950839071484028064_n-300x300.jpg 300w, https:\/\/piernikarka.pl\/wp-content\/uploads\/2021\/02\/147540887_359035501797263_6950839071484028064_n-150x150.jpg 150w, https:\/\/piernikarka.pl\/wp-content\/uploads\/2021\/02\/147540887_359035501797263_6950839071484028064_n-768x768.jpg 768w, https:\/\/piernikarka.pl\/wp-content\/uploads\/2021\/02\/147540887_359035501797263_6950839071484028064_n-380x380.jpg 380w, https:\/\/piernikarka.pl\/wp-content\/uploads\/2021\/02\/147540887_359035501797263_6950839071484028064_n-24x24.jpg 24w, https:\/\/piernikarka.pl\/wp-content\/uploads\/2021\/02\/147540887_359035501797263_6950839071484028064_n-36x36.jpg 36w, https:\/\/piernikarka.pl\/wp-content\/uploads\/2021\/02\/147540887_359035501797263_6950839071484028064_n-48x48.jpg 48w\" sizes=\"auto, (max-width: 122px) 100vw, 122px\" \/><\/p>\n<p>Wpis powsta\u0142 w ramach projektu: <strong>Pierniki w kujawsko-pomorskim. Regionalny szlak kulturowy zabytk\u00f3w oraz dawnych i wsp\u00f3\u0142czesnych zwyczaj\u00f3w zwi\u0105zanych z piernikarstwem.<\/strong><\/p>\n","protected":false},"excerpt":{"rendered":"<p>Zapraszamy wraz z Muzeum Toru\u0144skiego Piernika\u00a0 na spotkanie po\u015bwi\u0119cone tradycjom piernikarskim w wojew\u00f3dztwie kujawsko-pomorskim. W trakcie prelekcji po\u0142\u0105czonej &hellip;<\/p>\n","protected":false},"author":1,"featured_media":816,"comment_status":"closed","ping_status":"closed","sticky":false,"template":"","format":"standard","meta":{"footnotes":""},"categories":[1],"tags":[92,72,81],"class_list":["post-806","post","type-post","status-publish","format-standard","has-post-thumbnail","hentry","category-blog","tag-edd","tag-pierniki-w-kujawsko-pomorskim","tag-stypendium"],"_links":{"self":[{"href":"https:\/\/piernikarka.pl\/index.php\/wp-json\/wp\/v2\/posts\/806","targetHints":{"allow":["GET"]}}],"collection":[{"href":"https:\/\/piernikarka.pl\/index.php\/wp-json\/wp\/v2\/posts"}],"about":[{"href":"https:\/\/piernikarka.pl\/index.php\/wp-json\/wp\/v2\/types\/post"}],"author":[{"embeddable":true,"href":"https:\/\/piernikarka.pl\/index.php\/wp-json\/wp\/v2\/users\/1"}],"replies":[{"embeddable":true,"href":"https:\/\/piernikarka.pl\/index.php\/wp-json\/wp\/v2\/comments?post=806"}],"version-history":[{"count":6,"href":"https:\/\/piernikarka.pl\/index.php\/wp-json\/wp\/v2\/posts\/806\/revisions"}],"predecessor-version":[{"id":817,"href":"https:\/\/piernikarka.pl\/index.php\/wp-json\/wp\/v2\/posts\/806\/revisions\/817"}],"wp:featuredmedia":[{"embeddable":true,"href":"https:\/\/piernikarka.pl\/index.php\/wp-json\/wp\/v2\/media\/816"}],"wp:attachment":[{"href":"https:\/\/piernikarka.pl\/index.php\/wp-json\/wp\/v2\/media?parent=806"}],"wp:term":[{"taxonomy":"category","embeddable":true,"href":"https:\/\/piernikarka.pl\/index.php\/wp-json\/wp\/v2\/categories?post=806"},{"taxonomy":"post_tag","embeddable":true,"href":"https:\/\/piernikarka.pl\/index.php\/wp-json\/wp\/v2\/tags?post=806"}],"curies":[{"name":"wp","href":"https:\/\/api.w.org\/{rel}","templated":true}]}}