{"id":820,"date":"2021-06-19T09:00:35","date_gmt":"2021-06-19T07:00:35","guid":{"rendered":"https:\/\/piernikarka.pl\/?p=820"},"modified":"2021-08-15T12:31:51","modified_gmt":"2021-08-15T10:31:51","slug":"tworzac-formy-do-piernikow-zygmunt-kedzierski","status":"publish","type":"post","link":"https:\/\/piernikarka.pl\/index.php\/2021\/06\/19\/tworzac-formy-do-piernikow-zygmunt-kedzierski\/","title":{"rendered":"&#8222;Tworz\u0105c formy do piernik\u00f3w&#8230;&#8221;. Zygmunt K\u0119dzierski"},"content":{"rendered":"<div class=\"\" dir=\"auto\">\n<div id=\"jsc_c_1vp\" class=\"ecm0bbzt hv4rvrfc ihqw7lf3 dati1w0a\" data-ad-comet-preview=\"message\" data-ad-preview=\"message\">\n<div class=\"j83agx80 cbu4d94t ew0dbk1b irj2b8pg\">\n<div class=\"qzhwtbm6 knvmm38d\">\n<div class=\"kvgmc6g5 cxmmr5t8 oygrvhab hcukyx3x c1et5uql ii04i59q\">\n<div dir=\"auto\">&#8222;Tworz\u0105c formy do piernik\u00f3w&#8230;&#8221; &#8211; to rozmowa z Zygmuntem K\u0119dzierskim &#8211; tw\u00f3rc\u0105 ludowym z Przymuszewa, kt\u00f3ry jako jeden z nielicznych w Polsce wykonuje formy piernikarskie.<\/div>\n<div dir=\"auto\"><\/div>\n<\/div>\n<div dir=\"auto\">\n<figure id=\"attachment_821\" aria-describedby=\"caption-attachment-821\" style=\"width: 535px\" class=\"wp-caption alignnone\"><img loading=\"lazy\" decoding=\"async\" id=\"longdesc-return-821\" class=\" wp-image-821\" tabindex=\"-1\" src=\"https:\/\/piernikarka.pl\/wp-content\/uploads\/2021\/08\/191679226_436943144006498_5458023159371040199_n.jpg\" alt=\"Na zdj\u0119ciu Zygmunt K\u0119dzierski w trakcie tworzenia formy\" width=\"535\" height=\"492\" longdesc=\"https:\/\/piernikarka.pl?longdesc=821&amp;referrer=820\" srcset=\"https:\/\/piernikarka.pl\/wp-content\/uploads\/2021\/08\/191679226_436943144006498_5458023159371040199_n.jpg 960w, https:\/\/piernikarka.pl\/wp-content\/uploads\/2021\/08\/191679226_436943144006498_5458023159371040199_n-300x276.jpg 300w, https:\/\/piernikarka.pl\/wp-content\/uploads\/2021\/08\/191679226_436943144006498_5458023159371040199_n-768x706.jpg 768w, https:\/\/piernikarka.pl\/wp-content\/uploads\/2021\/08\/191679226_436943144006498_5458023159371040199_n-269x247.jpg 269w, https:\/\/piernikarka.pl\/wp-content\/uploads\/2021\/08\/191679226_436943144006498_5458023159371040199_n-24x22.jpg 24w, https:\/\/piernikarka.pl\/wp-content\/uploads\/2021\/08\/191679226_436943144006498_5458023159371040199_n-36x33.jpg 36w, https:\/\/piernikarka.pl\/wp-content\/uploads\/2021\/08\/191679226_436943144006498_5458023159371040199_n-48x44.jpg 48w\" sizes=\"auto, (max-width: 535px) 100vw, 535px\" \/><figcaption id=\"caption-attachment-821\" class=\"wp-caption-text\">Zygmunt K\u0119dzierski tworzy form\u0119 do piernik\u00f3w<\/figcaption><\/figure>\n<p>&nbsp;<\/p>\n<\/div>\n<div class=\"o9v6fnle cxmmr5t8 oygrvhab hcukyx3x c1et5uql ii04i59q\">\n<div dir=\"auto\">Zygmunt K\u0119dzierski. Urodzi\u0142 si\u0119 w 1949 roku w Wa\u0142brzychu. Od 1983 roku mieszka i tworzy w Przymuszewie (gmina K\u0119sowo, pow. tucholski, woj. kujawsko-pomorskie). Jest wszechstronnym tw\u00f3rc\u0105. Jego specjalizacj\u0105 jest rze\u017aba w drewnie a tak\u017ce malarstwo na szkle. Zajmuje si\u0119 tak\u017ce innymi dziedzinami tradycyjnymi r\u0119kodzielnictwa. Jest prezesem Bydgosko-<\/div>\n<div dir=\"auto\">Toru\u0144skiego Oddzia\u0142u Stowarzyszenia Tw\u00f3rc\u00f3w Ludowych. W 2020 roku obchodzi\u0142 50-lecie pracy tw\u00f3rczej.<\/div>\n<\/div>\n<\/div>\n<div dir=\"auto\"><\/div>\n<div dir=\"auto\">Film mo\u017cna obejrze\u0107:<\/div>\n<div dir=\"auto\"><a href=\"https:\/\/www.youtube.com\/watch?v=hJiwZUOHWEI\">https:\/\/www.youtube.com\/watch?v=hJiwZUOHWEI<\/a><\/div>\n<\/div>\n<div dir=\"auto\"><\/div>\n<\/div>\n<div dir=\"auto\">\n<p><iframe loading=\"lazy\" title=\"Tworz\u0105c formy do piernik\u00f3w...Zygmunt K\u0119dzierski\" width=\"731\" height=\"411\" src=\"https:\/\/www.youtube.com\/embed\/hJiwZUOHWEI?feature=oembed\" frameborder=\"0\" allow=\"accelerometer; autoplay; clipboard-write; encrypted-media; gyroscope; picture-in-picture\" allowfullscreen><\/iframe><\/p>\n<\/div>\n<div id=\"jsc_c_1vp\" class=\"ecm0bbzt hv4rvrfc ihqw7lf3 dati1w0a\" data-ad-comet-preview=\"message\" data-ad-preview=\"message\">\n<div class=\"j83agx80 cbu4d94t ew0dbk1b irj2b8pg\">\n<div class=\"qzhwtbm6 knvmm38d\">\n<div class=\"o9v6fnle cxmmr5t8 oygrvhab hcukyx3x c1et5uql ii04i59q\">\n<div dir=\"auto\">&#8212;&#8212;&#8212;&#8212;&#8212;&#8212;&#8212;&#8212;&#8212;&#8212;&#8212;&#8211;<\/div>\n<div dir=\"auto\"><span class=\"pq6dq46d tbxw36s4 knj5qynh kvgmc6g5 ditlmg2l oygrvhab nvdbi5me sf5mxxl7 gl3lb2sf hhz5lgdu\"><img loading=\"lazy\" decoding=\"async\" src=\"https:\/\/static.xx.fbcdn.net\/images\/emoji.php\/v9\/t6c\/1\/16\/2764.png\" alt=\"\u2764\" width=\"16\" height=\"16\" \/><\/span><span class=\"pq6dq46d tbxw36s4 knj5qynh kvgmc6g5 ditlmg2l oygrvhab nvdbi5me sf5mxxl7 gl3lb2sf hhz5lgdu\"><img loading=\"lazy\" decoding=\"async\" src=\"https:\/\/static.xx.fbcdn.net\/images\/emoji.php\/v9\/t6c\/1\/16\/1f499.png\" alt=\"\ud83d\udc99\" width=\"16\" height=\"16\" \/><\/span> Rozmowa zosta\u0142a nagrana w ramach stypendium artystycznego z zakresu opieki nad zabytkami Marsza\u0142ka Wojew\u00f3dztwa Kujawsko-pomorskiego pt.: \u201ePierniki w kujawsko-pomorskim. Regionalny szlak kulturowy zabytk\u00f3w oraz dawnych i wsp\u00f3\u0142czesnych zwyczaj\u00f3w zwi\u0105zanych z piernikarstwem\u201d.<\/div>\n<div dir=\"auto\"><\/div>\n<\/div>\n<div class=\"o9v6fnle cxmmr5t8 oygrvhab hcukyx3x c1et5uql ii04i59q\">\n<div dir=\"auto\">Serdeczne podzi\u0119kowania dla<\/div>\n<div dir=\"auto\">Franciszki i Zygmunta K\u0119dzierskich<\/div>\n<div dir=\"auto\">oraz <a class=\"oajrlxb2 g5ia77u1 qu0x051f esr5mh6w e9989ue4 r7d6kgcz rq0escxv nhd2j8a9 nc684nl6 p7hjln8o kvgmc6g5 cxmmr5t8 oygrvhab hcukyx3x jb3vyjys rz4wbd8a qt6c0cv9 a8nywdso i1ao9s8h esuyzwwr f1sip0of lzcic4wl q66pz984 gpro0wi8 b1v8xokw\" tabindex=\"0\" role=\"link\" href=\"https:\/\/www.facebook.com\/MuzeumOkregoweWToruniu\/?__cft__[0]=AZUwfWCK9NcNHhp-QKWjGEpRGZaEzk2Xb90cAB99SliamnnMsAQV_JjbcuiVeQSvkThb87HjVh5YITrKmWKhg5_Jh-wXKtU9VhlvRuBLT4G8BrRUjPMYUnUm84DSGQ8vbb4tVoKlvm4O4Zg2f5MShX4WNoKF0_Ge5BsaWbOcuV1L8ryW2246Wkzc49I5RpiQNmM&amp;__tn__=kK-R\"><span class=\"nc684nl6\">Muzeum Okr\u0119gowe w Toruniu<\/span><\/a> &#8211; Dzia\u0142u Historii Toru\u0144skiego Piernikarstwa za wsp\u00f3\u0142prac\u0119 przy tworzeniu filmu, a szczeg\u00f3lnie dla Krzysztofa Lewandowskiego z <a class=\"oajrlxb2 g5ia77u1 qu0x051f esr5mh6w e9989ue4 r7d6kgcz rq0escxv nhd2j8a9 nc684nl6 p7hjln8o kvgmc6g5 cxmmr5t8 oygrvhab hcukyx3x jb3vyjys rz4wbd8a qt6c0cv9 a8nywdso i1ao9s8h esuyzwwr f1sip0of lzcic4wl q66pz984 gpro0wi8 b1v8xokw\" tabindex=\"0\" role=\"link\" href=\"https:\/\/www.facebook.com\/MuzeumTorunskiegoPiernika\/?__cft__[0]=AZUwfWCK9NcNHhp-QKWjGEpRGZaEzk2Xb90cAB99SliamnnMsAQV_JjbcuiVeQSvkThb87HjVh5YITrKmWKhg5_Jh-wXKtU9VhlvRuBLT4G8BrRUjPMYUnUm84DSGQ8vbb4tVoKlvm4O4Zg2f5MShX4WNoKF0_Ge5BsaWbOcuV1L8ryW2246Wkzc49I5RpiQNmM&amp;__tn__=kK-R\"><span class=\"nc684nl6\">Muzeum Toru\u0144skiego Piernika<\/span><\/a><\/div>\n<\/div>\n<div class=\"o9v6fnle cxmmr5t8 oygrvhab hcukyx3x c1et5uql ii04i59q\">\n<div dir=\"auto\">Scenariusz: Anna Kornelia J\u0119drzejewska, stypendystka<\/div>\n<div dir=\"auto\">Monta\u017c: Krzysztof Lewandowski<\/div>\n<\/div>\n<div class=\"o9v6fnle cxmmr5t8 oygrvhab hcukyx3x c1et5uql ii04i59q\">\n<div dir=\"auto\"><\/div>\n<div dir=\"auto\">Wi\u0119cej na temat projektu:<\/div>\n<div dir=\"auto\"><a class=\"oajrlxb2 g5ia77u1 qu0x051f esr5mh6w e9989ue4 r7d6kgcz rq0escxv nhd2j8a9 nc684nl6 p7hjln8o kvgmc6g5 cxmmr5t8 oygrvhab hcukyx3x jb3vyjys rz4wbd8a qt6c0cv9 a8nywdso i1ao9s8h esuyzwwr f1sip0of lzcic4wl py34i1dx gpro0wi8\" tabindex=\"0\" role=\"link\" href=\"https:\/\/piernikarka.pl\/index.php\/projekty\/?fbclid=IwAR3l1mXesYgoHuF_jdmveox-VetNHZc0VXFGFT_C6MCB96Pvs-WrPYTPUfY\" target=\"_blank\" rel=\"nofollow noopener\">https:\/\/piernikarka.pl\/index.php\/projekty\/<\/a><\/div>\n<\/div>\n<div class=\"o9v6fnle cxmmr5t8 oygrvhab hcukyx3x c1et5uql ii04i59q\">\n<div dir=\"auto\"><span class=\"pq6dq46d tbxw36s4 knj5qynh kvgmc6g5 ditlmg2l oygrvhab nvdbi5me sf5mxxl7 gl3lb2sf hhz5lgdu\"><img loading=\"lazy\" decoding=\"async\" src=\"https:\/\/static.xx.fbcdn.net\/images\/emoji.php\/v9\/t89\/1\/16\/1f463.png\" alt=\"\ud83d\udc63\" width=\"16\" height=\"16\" \/><\/span><span class=\"pq6dq46d tbxw36s4 knj5qynh kvgmc6g5 ditlmg2l oygrvhab nvdbi5me sf5mxxl7 gl3lb2sf hhz5lgdu\"><img loading=\"lazy\" decoding=\"async\" src=\"https:\/\/static.xx.fbcdn.net\/images\/emoji.php\/v9\/t76\/1\/16\/1f36a.png\" alt=\"\ud83c\udf6a\" width=\"16\" height=\"16\" \/><\/span> Szlak piernikarski: Przymuszewo, gm. K\u0119sowo, pow. tucholski<\/div>\n<div dir=\"auto\">woj. kujawsko-pomorskie<\/div>\n<div dir=\"auto\"><\/div>\n<\/div>\n<div class=\"o9v6fnle cxmmr5t8 oygrvhab hcukyx3x c1et5uql ii04i59q\">\n<div dir=\"auto\">Film do obejrzenia tak\u017ce na kanale YouTube @<a class=\"oajrlxb2 g5ia77u1 qu0x051f esr5mh6w e9989ue4 r7d6kgcz rq0escxv nhd2j8a9 nc684nl6 p7hjln8o kvgmc6g5 cxmmr5t8 oygrvhab hcukyx3x jb3vyjys rz4wbd8a qt6c0cv9 a8nywdso i1ao9s8h esuyzwwr f1sip0of lzcic4wl q66pz984 gpro0wi8 b1v8xokw\" tabindex=\"0\" role=\"link\" href=\"https:\/\/www.facebook.com\/piernikarka\/?__cft__[0]=AZUwfWCK9NcNHhp-QKWjGEpRGZaEzk2Xb90cAB99SliamnnMsAQV_JjbcuiVeQSvkThb87HjVh5YITrKmWKhg5_Jh-wXKtU9VhlvRuBLT4G8BrRUjPMYUnUm84DSGQ8vbb4tVoKlvm4O4Zg2f5MShX4WNoKF0_Ge5BsaWbOcuV1L8ryW2246Wkzc49I5RpiQNmM&amp;__tn__=kK-R\"><span class=\"nc684nl6\">Piernikarka<\/span><\/a>:<\/div>\n<div dir=\"auto\"><a class=\"oajrlxb2 g5ia77u1 qu0x051f esr5mh6w e9989ue4 r7d6kgcz rq0escxv nhd2j8a9 nc684nl6 p7hjln8o kvgmc6g5 cxmmr5t8 oygrvhab hcukyx3x jb3vyjys rz4wbd8a qt6c0cv9 a8nywdso i1ao9s8h esuyzwwr f1sip0of lzcic4wl py34i1dx gpro0wi8\" tabindex=\"0\" role=\"link\" href=\"https:\/\/bit.ly\/3gwVpDP?fbclid=IwAR0yOCn44Jz5pzwcy2YVC_-TyI6BtiFrWIRw87LvFAscn7vcZDqGDWSopic\" target=\"_blank\" rel=\"nofollow noopener\">https:\/\/bit.ly\/3gwVpDP<\/a><\/div>\n<\/div>\n<div class=\"o9v6fnle cxmmr5t8 oygrvhab hcukyx3x c1et5uql ii04i59q\">\n<div dir=\"auto\"><a class=\"oajrlxb2 g5ia77u1 qu0x051f esr5mh6w e9989ue4 r7d6kgcz rq0escxv nhd2j8a9 nc684nl6 p7hjln8o kvgmc6g5 cxmmr5t8 oygrvhab hcukyx3x jb3vyjys rz4wbd8a qt6c0cv9 a8nywdso i1ao9s8h esuyzwwr f1sip0of lzcic4wl q66pz984 gpro0wi8 b1v8xokw\" tabindex=\"0\" role=\"link\" href=\"https:\/\/www.facebook.com\/WojewodztwoKujawskoPomorskie?__cft__[0]=AZUwfWCK9NcNHhp-QKWjGEpRGZaEzk2Xb90cAB99SliamnnMsAQV_JjbcuiVeQSvkThb87HjVh5YITrKmWKhg5_Jh-wXKtU9VhlvRuBLT4G8BrRUjPMYUnUm84DSGQ8vbb4tVoKlvm4O4Zg2f5MShX4WNoKF0_Ge5BsaWbOcuV1L8ryW2246Wkzc49I5RpiQNmM&amp;__tn__=-]K-R\"><span class=\"nc684nl6\">Kujawsko-Pomorskie<\/span><\/a><\/div>\n<div dir=\"auto\"><a class=\"oajrlxb2 g5ia77u1 qu0x051f esr5mh6w e9989ue4 r7d6kgcz rq0escxv nhd2j8a9 nc684nl6 p7hjln8o kvgmc6g5 cxmmr5t8 oygrvhab hcukyx3x jb3vyjys rz4wbd8a qt6c0cv9 a8nywdso i1ao9s8h esuyzwwr f1sip0of lzcic4wl q66pz984 gpro0wi8 b1v8xokw\" tabindex=\"0\" role=\"link\" href=\"https:\/\/www.facebook.com\/StowarzyszenieTworcowLudowych\/?__cft__[0]=AZUwfWCK9NcNHhp-QKWjGEpRGZaEzk2Xb90cAB99SliamnnMsAQV_JjbcuiVeQSvkThb87HjVh5YITrKmWKhg5_Jh-wXKtU9VhlvRuBLT4G8BrRUjPMYUnUm84DSGQ8vbb4tVoKlvm4O4Zg2f5MShX4WNoKF0_Ge5BsaWbOcuV1L8ryW2246Wkzc49I5RpiQNmM&amp;__tn__=kK-R\"><span class=\"nc684nl6\">Stowarzyszenie Tw\u00f3rc\u00f3w Ludowych<\/span><\/a><\/div>\n<div dir=\"auto\"><\/div>\n<\/div>\n<\/div>\n<\/div>\n<div dir=\"auto\"><img loading=\"lazy\" decoding=\"async\" id=\"longdesc-return-620\" class=\"alignnone wp-image-620\" tabindex=\"-1\" src=\"https:\/\/piernikarka.pl\/wp-content\/uploads\/2021\/02\/147351657_359035615130585_863975309328089277_n.jpg\" alt=\"herb wojew\u00f3dztwa kujawsko-pomorskiego\" width=\"170\" height=\"170\" longdesc=\"https:\/\/piernikarka.pl?longdesc=620&amp;referrer=820\" srcset=\"https:\/\/piernikarka.pl\/wp-content\/uploads\/2021\/02\/147351657_359035615130585_863975309328089277_n.jpg 706w, https:\/\/piernikarka.pl\/wp-content\/uploads\/2021\/02\/147351657_359035615130585_863975309328089277_n-300x300.jpg 300w, https:\/\/piernikarka.pl\/wp-content\/uploads\/2021\/02\/147351657_359035615130585_863975309328089277_n-150x150.jpg 150w, https:\/\/piernikarka.pl\/wp-content\/uploads\/2021\/02\/147351657_359035615130585_863975309328089277_n-380x380.jpg 380w, https:\/\/piernikarka.pl\/wp-content\/uploads\/2021\/02\/147351657_359035615130585_863975309328089277_n-24x24.jpg 24w, https:\/\/piernikarka.pl\/wp-content\/uploads\/2021\/02\/147351657_359035615130585_863975309328089277_n-36x36.jpg 36w, https:\/\/piernikarka.pl\/wp-content\/uploads\/2021\/02\/147351657_359035615130585_863975309328089277_n-48x48.jpg 48w\" sizes=\"auto, (max-width: 170px) 100vw, 170px\" \/><img loading=\"lazy\" decoding=\"async\" id=\"longdesc-return-621\" class=\"alignnone wp-image-621\" tabindex=\"-1\" src=\"https:\/\/piernikarka.pl\/wp-content\/uploads\/2021\/02\/147540887_359035501797263_6950839071484028064_n.jpg\" alt=\"kujawy i pomorze logotyp\" width=\"155\" height=\"155\" longdesc=\"https:\/\/piernikarka.pl?longdesc=621&amp;referrer=820\" srcset=\"https:\/\/piernikarka.pl\/wp-content\/uploads\/2021\/02\/147540887_359035501797263_6950839071484028064_n.jpg 960w, https:\/\/piernikarka.pl\/wp-content\/uploads\/2021\/02\/147540887_359035501797263_6950839071484028064_n-300x300.jpg 300w, https:\/\/piernikarka.pl\/wp-content\/uploads\/2021\/02\/147540887_359035501797263_6950839071484028064_n-150x150.jpg 150w, https:\/\/piernikarka.pl\/wp-content\/uploads\/2021\/02\/147540887_359035501797263_6950839071484028064_n-768x768.jpg 768w, https:\/\/piernikarka.pl\/wp-content\/uploads\/2021\/02\/147540887_359035501797263_6950839071484028064_n-380x380.jpg 380w, https:\/\/piernikarka.pl\/wp-content\/uploads\/2021\/02\/147540887_359035501797263_6950839071484028064_n-24x24.jpg 24w, https:\/\/piernikarka.pl\/wp-content\/uploads\/2021\/02\/147540887_359035501797263_6950839071484028064_n-36x36.jpg 36w, https:\/\/piernikarka.pl\/wp-content\/uploads\/2021\/02\/147540887_359035501797263_6950839071484028064_n-48x48.jpg 48w\" sizes=\"auto, (max-width: 155px) 100vw, 155px\" \/><\/div>\n<div dir=\"auto\">Wpis powsta\u0142 w ramach projektu: <strong>Pierniki w kujawsko-pomorskim. Regionalny szlak kulturowy zabytk\u00f3w oraz dawnych i wsp\u00f3\u0142czesnych zwyczaj\u00f3w zwi\u0105zanych z piernikarstwem.<\/strong><\/div>\n<\/div>\n<\/div>\n","protected":false},"excerpt":{"rendered":"<p>&#8222;Tworz\u0105c formy do piernik\u00f3w&#8230;&#8221; &#8211; to rozmowa z Zygmuntem K\u0119dzierskim &#8211; tw\u00f3rc\u0105 ludowym z Przymuszewa, kt\u00f3ry jako jeden &hellip;<\/p>\n","protected":false},"author":1,"featured_media":821,"comment_status":"closed","ping_status":"closed","sticky":false,"template":"","format":"standard","meta":{"footnotes":""},"categories":[1],"tags":[],"class_list":["post-820","post","type-post","status-publish","format-standard","has-post-thumbnail","hentry","category-blog"],"_links":{"self":[{"href":"https:\/\/piernikarka.pl\/index.php\/wp-json\/wp\/v2\/posts\/820","targetHints":{"allow":["GET"]}}],"collection":[{"href":"https:\/\/piernikarka.pl\/index.php\/wp-json\/wp\/v2\/posts"}],"about":[{"href":"https:\/\/piernikarka.pl\/index.php\/wp-json\/wp\/v2\/types\/post"}],"author":[{"embeddable":true,"href":"https:\/\/piernikarka.pl\/index.php\/wp-json\/wp\/v2\/users\/1"}],"replies":[{"embeddable":true,"href":"https:\/\/piernikarka.pl\/index.php\/wp-json\/wp\/v2\/comments?post=820"}],"version-history":[{"count":4,"href":"https:\/\/piernikarka.pl\/index.php\/wp-json\/wp\/v2\/posts\/820\/revisions"}],"predecessor-version":[{"id":826,"href":"https:\/\/piernikarka.pl\/index.php\/wp-json\/wp\/v2\/posts\/820\/revisions\/826"}],"wp:featuredmedia":[{"embeddable":true,"href":"https:\/\/piernikarka.pl\/index.php\/wp-json\/wp\/v2\/media\/821"}],"wp:attachment":[{"href":"https:\/\/piernikarka.pl\/index.php\/wp-json\/wp\/v2\/media?parent=820"}],"wp:term":[{"taxonomy":"category","embeddable":true,"href":"https:\/\/piernikarka.pl\/index.php\/wp-json\/wp\/v2\/categories?post=820"},{"taxonomy":"post_tag","embeddable":true,"href":"https:\/\/piernikarka.pl\/index.php\/wp-json\/wp\/v2\/tags?post=820"}],"curies":[{"name":"wp","href":"https:\/\/api.w.org\/{rel}","templated":true}]}}